{"id":1265,"date":"2023-12-09T14:44:46","date_gmt":"2023-12-09T14:44:46","guid":{"rendered":"https:\/\/terralivha.pt\/?p=1265"},"modified":"2024-01-22T17:40:49","modified_gmt":"2024-01-22T17:40:49","slug":"preparation-a-une-grande-operation-de-plantations-darbres-et-de-tailles-%f0%9f%8c%b3","status":"publish","type":"post","link":"https:\/\/terralivha.pt\/fr\/preparation-a-une-grande-operation-de-plantations-darbres-et-de-tailles-%f0%9f%8c%b3\/","title":{"rendered":"Pr\u00e9paration d&rsquo;une grande op\u00e9ration de plantations d\u2019arbres et de taille des ch\u00eanes \ud83c\udf33"},"content":{"rendered":"\n<p>Bonjour \u00e0 toutes et \u00e0 tous,<\/p>\n\n\n\n<p>C\u2019est avec joie que nous vous partageons la premi\u00e8re op\u00e9ration d\u2019envergure pr\u00e9vue sur le terrain. D\u00e8s l\u2019achat fait en avril 2023, nous avons pu commencer \u00e0 planifier les actions prioritaires du projet. Et sachant que le travail menant \u00e0 la restauration de l\u2019ancienne ferme allait se d\u00e9rouler sur une p\u00e9riode de temps assez importante, nous avons d\u00e9cid\u00e9 en parall\u00e8le de d\u00e9buter par une op\u00e9ration visant \u00e0 pr\u00e9server l\u2019\u00e9tat de la nature sur le terrain, et favoriser sa r\u00e9g\u00e9n\u00e9ration.<\/p>\n\n\n\n<p>En effet, depuis le tout d\u00e9but, la vision est de permettre que ce terrain soit un v\u00e9ritable espace d\u00e9di\u00e9 \u00e0 la nature. La r\u00e9gion a beaucoup souffert des m\u00e9thodes agricoles ayant d\u00e9truit de nombreux \u00e9cosyst\u00e8mes, et progressivement une d\u00e9sertification s\u2019intensifie, cr\u00e9ant plus d\u2019\u00e9rosion, moins d\u2019inflitration des pluies, un manque de v\u00e9g\u00e9tation, et la mort progressive des arbres locaux comme le ch\u00eane-li\u00e8ge et le ch\u00eane vert. De plus, le r\u00e9chauffement climatique touche fortement cette r\u00e9gion du Portugal, et les pluies se font plus rares, notamment \u00e0 cause du manque d\u2019arbres. Nous avons donc souhait\u00e9, d\u00e8s le d\u00e9part, pouvoir enrayer cette spirale n\u00e9gative pour retrouver une nature riche, capable de se r\u00e9g\u00e9n\u00e9rer, et favoriser l\u2019humidit\u00e9 potentiellement en pr\u00e9sence abondante sur le terrain.<\/p>\n\n\n\n<p>Pour cela, nous avons eu la chance de rencontrer d\u00e8s le mois de juin 2023 Andr\u00e9 Vizinho, sp\u00e9cialiste reconnu au Portugal et dans la r\u00e9gion, sur ce th\u00e8me de la r\u00e9g\u00e9n\u00e9ration des \u00e9cosyst\u00e8mes typiques de la r\u00e9gion. Cela est un tr\u00e8s grand atout pour nous de pouvoir travailler avec lui et son \u00e9quipe, car il coordonne de nombreuses actions dans la r\u00e9gion, et permet d\u2019inclure notre approche dans une vision globale qui justement permet d\u2019enrayer cette tendance difficile de la r\u00e9gion, et de renouer progressivement avec des espaces riches en faune et en flore, de conservation et de r\u00e9g\u00e9n\u00e9ration.<\/p>\n\n\n\n<p>Avec l\u2019aide d\u2019Andr\u00e9, nous avons donc pr\u00e9par\u00e9 un plan d\u2019action pour d\u00e9finir les actions prioritaires sur le terrain, pour redonner de la vitalit\u00e9 l\u00e0 o\u00f9 c\u2019\u00e9tait le plus n\u00e9cessaire. Cela s\u2019est fait en plusieurs \u00e9tapes, et Andr\u00e9 est all\u00e9 \u00e0 plusieurs reprises sur le terrain pour mieux visualiser les choses, comprendre mieux l\u2019\u00e9tat des arbres et des plantes, et voir ce qu\u2019il serait bien de faire.<\/p>\n\n\n\n<p>Apr\u00e8s beaucoup de partages et diff\u00e9rentes versions, nous en sommes arriv\u00e9s \u00e0 un plan d\u2019actions comprenant 2 volets&nbsp;:<\/p>\n\n\n\n<p><strong>1. Effectuer la taille des arbres<\/strong> situ\u00e9s dans une zone o\u00f9 beaucoup de ch\u00e8nes li\u00e8ges et ch\u00e8nes verts sont malades ou manquent de vitalit\u00e9. Cette taille permet de redonner beaucoup de dynamisme aux arbres qui ont du mal \u00e0 se d\u00e9velopper. En m\u00eame temps, en entreposant au pied des arbres la mati\u00e8re organique issue de la taille, cela permet de cr\u00e9er des nutriments pour la croissance de l\u2019arbre, et aussi de mieux \u00e9quilibrer la composition du sol, pour \u00e9viter le d\u00e9veloppement des maladies (un d\u00e9s\u00e9quilibre bact\u00e9riologique dans le sol favorise le d\u00e9veloppement de champignons qui infectent l\u2019arbre). Certains arbres morts ont aussi besoin d\u2019\u00eatre coup\u00e9s, cela permettant d\u2019acc\u00e9l\u00e9rer le processus permettant de cr\u00e9er de la mati\u00e8re organique pour les autres arbres aux alentours, bien que certains d\u2019entre eux sont pr\u00e9serv\u00e9s volontairement afin qu\u2019ils permettent de cr\u00e9er de petits \u00e9cosyst\u00e8mes.<\/p>\n\n\n\n<p><em>zone de taille et de coupe au-dessus du chemin parcourant le terrain : <\/em><\/p>\n\n\n\n<div class=\"wp-block-uagb-image aligncenter uagb-block-7f3c2ae4 wp-block-uagb-image--layout-default wp-block-uagb-image--effect-static wp-block-uagb-image--align-center\"><figure class=\"wp-block-uagb-image__figure\"><img decoding=\"async\" srcset=\"https:\/\/terralivha.pt\/wp-content\/uploads\/2023\/12\/arbres-morts-zone-entree-a-droite-et-colline-Copie-1024x590.jpg ,https:\/\/terralivha.pt\/wp-content\/uploads\/2023\/12\/arbres-morts-zone-entree-a-droite-et-colline-Copie.jpg 780w, https:\/\/terralivha.pt\/wp-content\/uploads\/2023\/12\/arbres-morts-zone-entree-a-droite-et-colline-Copie.jpg 360w\" sizes=\"auto, (max-width: 480px) 150px\" src=\"https:\/\/terralivha.pt\/wp-content\/uploads\/2023\/12\/arbres-morts-zone-entree-a-droite-et-colline-Copie-1024x590.jpg\" alt=\"\" class=\"uag-image-1272\" width=\"800\" height=\"1051\" title=\"\" loading=\"lazy\"\/><\/figure><\/div>\n\n\n\n<p><strong>2. Planter des arbres et arbustes<\/strong>&nbsp;:<\/p>\n\n\n\n<p>a) <span style=\"color: var(--ast-global-color-3); font-size: 1rem;\">Sur diff\u00e9rentes zones qui ont naturellement \u00e9t\u00e9 identifi\u00e9es comme des zones de conservation de par le fait que le terrain y soit un peu plus inclin\u00e9 (ce qui est moins pratique pour l&rsquo;agriculture) et qu&rsquo;elles soient proches de lignes d\u2019eau. Ceci contribue \u00e0 augmenter l\u2019humidit\u00e9, la r\u00e9tention de l\u2019eau et sa meilleure infiltration, et favorise le d\u00e9veloppement de v\u00e9ritables zones de conservation qui aident la nature \u00e0 se r\u00e9g\u00e9n\u00e9rer sur tout le terrain.<\/span><\/p>\n\n\n\n<p>b) Un espace de plantations vari\u00e9es en contrebas du lac et des eucalyptus, profitant de l&rsquo;humidit\u00e9 naturellement pr\u00e9sente dans le sol \u00e0 cet endroit. <\/p>\n\n\n\n<p>c) Une barri\u00e8re naturelle d\u2019arbres est pr\u00e9vue en syntropie au nord du lac existant, pour former une barri\u00e8re aux vents dominants venant de cette direction, et ainsi r\u00e9duire l\u2019\u00e9vaporation de celui-ci. La syntropie est une approche n\u00e9e au Br\u00e9sil qui rejoint le principe de l&rsquo;agroforesterie, tout en travaillant sur une disposition en ligne, qui s&rsquo;av\u00e8re pratique pour sa gestion. <\/p>\n\n\n\n<p>Au total, la zone de taille pr\u00e9vue a \u00e9t\u00e9 de 10 hectares, et plus de 6000 plants \u00e0 planter&nbsp;!<\/p>\n\n\n\n<p><em>Sch\u00e9ma des zones de conservation (hachur\u00e9es en vert),  de l&rsquo;espace en contrebas du lac <em><strong>b)<\/strong><\/em><\/em> <em>(ligne fine violette), et des lignes de plantations <em><strong>a) et c)<\/strong><\/em>(lignes fines jaunes et oranges) :<\/em><\/p>\n\n\n\n<div class=\"wp-block-uagb-image aligncenter uagb-block-920a86b7 wp-block-uagb-image--layout-default wp-block-uagb-image--effect-static wp-block-uagb-image--align-center\"><figure class=\"wp-block-uagb-image__figure\"><img decoding=\"async\" srcset=\"https:\/\/terralivha.pt\/wp-content\/uploads\/2023\/12\/2023-12-10-17-01-11-1024x635.png ,https:\/\/terralivha.pt\/wp-content\/uploads\/2023\/12\/2023-12-10-17-01-11.png 780w, https:\/\/terralivha.pt\/wp-content\/uploads\/2023\/12\/2023-12-10-17-01-11.png 360w\" sizes=\"auto, (max-width: 480px) 150px\" src=\"https:\/\/terralivha.pt\/wp-content\/uploads\/2023\/12\/2023-12-10-17-01-11-1024x635.png\" alt=\"\" class=\"uag-image-1269\" width=\"800\" height=\"635\" title=\"\" loading=\"lazy\"\/><\/figure><\/div>\n\n\n\n<p>Cela bien s\u00fbr a un co\u00fbt, et nous avons lanc\u00e9 un appel aux dons sp\u00e9cial pour cette op\u00e9ration aupr\u00e8s de la communaut\u00e9, pour financer cette op\u00e9ration (l\u2019achat des arbres et l\u2019aide d\u2019Andr\u00e9 qui a d\u00fb passer de tr\u00e8s nombreuses heures pour pr\u00e9parer tout cela, en plus de sa pr\u00e9sence ainsi que son \u00e9quipe lors de l\u2019op\u00e9ration). Cela a \u00e9t\u00e9 un vrai bonheur de voir que malgr\u00e9 les d\u00e9lais tr\u00e8s serr\u00e9s, chacun a souhait\u00e9 contribuer dans la mesure de ses moyens pour rendre cette op\u00e9ration possible. Un grand merci \u00e0 chacune et chacun pour cela &nbsp;\ud83d\ude4f\ud83d\udc9a<\/p>\n\n\n\n<p>Il restait donc \u00e0 organiser tout cela avec les volontaires, id\u00e9alement juste avant l\u2019hiver, qui est la meilleure p\u00e9riode pour planter \ud83c\udf33<\/p>\n\n\n\n<p>Pour faire les tailles et la coupe de certains arbres morts, il a \u00e9t\u00e9 n\u00e9cessaire de faire des demandes officielles, car les essences de ch\u00eanes li\u00e8ges et ch\u00eanes verts sont prot\u00e9g\u00e9es (surtout les ch\u00eanes li\u00e8ges). Ainsi, pour pr\u00e9parer cela, au mois d\u2019ao\u00fbt 2023, Pureza et Cyrille ont marqu\u00e9 \u00e0 la peinture blanche tous les arbres \u00e0 couper (cela fait partie du processus pour faire la demande de coupe).<\/p>\n\n\n\t\t\t\t\t<div\n\t\t\t\t\t\tclass=\"wp-block-uagb-image-gallery uagb-block-71f2f57a     \"\n\t\t\t\t\t\tstyle=\"\"\n\t\t\t\t\t>\n\t\t\t\t\t\t\t\t\t\t\t<div class=\"spectra-image-gallery spectra-image-gallery__layout--grid spectra-image-gallery__layout--grid-col-4 spectra-image-gallery__layout--grid-col-tab-3 spectra-image-gallery__layout--grid-col-mob-2\">\n\t\t\t\t\t\t\t\t\t\t\t<div class='spectra-image-gallery__media-wrapper' data-spectra-gallery-image-id='1274' tabindex=\"0\">\n\t\t\t\t\t\t\t<div class=\"spectra-image-gallery__media spectra-image-gallery__media--grid\">\n\t\t\t\t<picture>\n\t\t\t\t\t<source media=\"(min-width: 1024px)\" srcset=\"https:\/\/terralivha.pt\/wp-content\/uploads\/2023\/12\/WhatsApp-Image-2023-09-28-a-18.15.57_905b9722-461x1024.jpg\">\n\t\t\t\t\t<source media=\"(min-width: 768px)\" srcset=\"https:\/\/terralivha.pt\/wp-content\/uploads\/2023\/12\/WhatsApp-Image-2023-09-28-a-18.15.57_905b9722-461x1024.jpg\">\n\t\t\t\t\t<img decoding=\"async\" class=\"spectra-image-gallery__media-thumbnail spectra-image-gallery__media-thumbnail--grid\" src=\"https:\/\/terralivha.pt\/wp-content\/uploads\/2023\/12\/WhatsApp-Image-2023-09-28-a-18.15.57_905b9722-135x300.jpg\" alt=\"\" loading=\"lazy\" \/>\n\t\t\t\t<\/picture>\n\t\t\t\t<div class=\"spectra-image-gallery__media-thumbnail-blurrer\"><\/div>\n\t\t\t\t\t\t\t\t\t\t\t<div class=\"spectra-image-gallery__media-thumbnail-caption-wrapper spectra-image-gallery__media-thumbnail-caption-wrapper--overlay\"><\/div>\n\t\t\t\t\t\t\t\t<\/div>\n\t\t\t\t\t\t<\/div>\n\t\t\t\t\t\t<div class='spectra-image-gallery__media-wrapper' data-spectra-gallery-image-id='1275' tabindex=\"0\">\n\t\t\t\t\t\t\t<div class=\"spectra-image-gallery__media spectra-image-gallery__media--grid\">\n\t\t\t\t<picture>\n\t\t\t\t\t<source media=\"(min-width: 1024px)\" srcset=\"https:\/\/terralivha.pt\/wp-content\/uploads\/2023\/12\/WhatsApp-Image-2023-09-28-a-18.20.55_e5d699d8-461x1024.jpg\">\n\t\t\t\t\t<source media=\"(min-width: 768px)\" srcset=\"https:\/\/terralivha.pt\/wp-content\/uploads\/2023\/12\/WhatsApp-Image-2023-09-28-a-18.20.55_e5d699d8-461x1024.jpg\">\n\t\t\t\t\t<img decoding=\"async\" class=\"spectra-image-gallery__media-thumbnail spectra-image-gallery__media-thumbnail--grid\" src=\"https:\/\/terralivha.pt\/wp-content\/uploads\/2023\/12\/WhatsApp-Image-2023-09-28-a-18.20.55_e5d699d8-135x300.jpg\" alt=\"\" loading=\"lazy\" \/>\n\t\t\t\t<\/picture>\n\t\t\t\t<div class=\"spectra-image-gallery__media-thumbnail-blurrer\"><\/div>\n\t\t\t\t\t\t\t\t\t\t\t<div class=\"spectra-image-gallery__media-thumbnail-caption-wrapper spectra-image-gallery__media-thumbnail-caption-wrapper--overlay\"><\/div>\n\t\t\t\t\t\t\t\t<\/div>\n\t\t\t\t\t\t<\/div>\n\t\t\t\t\t\t<div class='spectra-image-gallery__media-wrapper' data-spectra-gallery-image-id='1276' tabindex=\"0\">\n\t\t\t\t\t\t\t<div class=\"spectra-image-gallery__media spectra-image-gallery__media--grid\">\n\t\t\t\t<picture>\n\t\t\t\t\t<source media=\"(min-width: 1024px)\" srcset=\"https:\/\/terralivha.pt\/wp-content\/uploads\/2023\/12\/WhatsApp-Image-2023-09-28-a-18.20.56_a1871020-461x1024.jpg\">\n\t\t\t\t\t<source media=\"(min-width: 768px)\" srcset=\"https:\/\/terralivha.pt\/wp-content\/uploads\/2023\/12\/WhatsApp-Image-2023-09-28-a-18.20.56_a1871020-461x1024.jpg\">\n\t\t\t\t\t<img decoding=\"async\" class=\"spectra-image-gallery__media-thumbnail spectra-image-gallery__media-thumbnail--grid\" src=\"https:\/\/terralivha.pt\/wp-content\/uploads\/2023\/12\/WhatsApp-Image-2023-09-28-a-18.20.56_a1871020-135x300.jpg\" alt=\"\" loading=\"lazy\" \/>\n\t\t\t\t<\/picture>\n\t\t\t\t<div class=\"spectra-image-gallery__media-thumbnail-blurrer\"><\/div>\n\t\t\t\t\t\t\t\t\t\t\t<div class=\"spectra-image-gallery__media-thumbnail-caption-wrapper spectra-image-gallery__media-thumbnail-caption-wrapper--overlay\"><\/div>\n\t\t\t\t\t\t\t\t<\/div>\n\t\t\t\t\t\t<\/div>\n\t\t\t\t\t\t<div class='spectra-image-gallery__media-wrapper' data-spectra-gallery-image-id='1277' tabindex=\"0\">\n\t\t\t\t\t\t\t<div class=\"spectra-image-gallery__media spectra-image-gallery__media--grid\">\n\t\t\t\t<picture>\n\t\t\t\t\t<source media=\"(min-width: 1024px)\" srcset=\"https:\/\/terralivha.pt\/wp-content\/uploads\/2023\/12\/WhatsApp-Image-2023-09-28-a-18.37.33_a639bb69-1024x461.jpg\">\n\t\t\t\t\t<source media=\"(min-width: 768px)\" srcset=\"https:\/\/terralivha.pt\/wp-content\/uploads\/2023\/12\/WhatsApp-Image-2023-09-28-a-18.37.33_a639bb69-1024x461.jpg\">\n\t\t\t\t\t<img decoding=\"async\" class=\"spectra-image-gallery__media-thumbnail spectra-image-gallery__media-thumbnail--grid\" src=\"https:\/\/terralivha.pt\/wp-content\/uploads\/2023\/12\/WhatsApp-Image-2023-09-28-a-18.37.33_a639bb69-300x135.jpg\" alt=\"\" loading=\"lazy\" \/>\n\t\t\t\t<\/picture>\n\t\t\t\t<div class=\"spectra-image-gallery__media-thumbnail-blurrer\"><\/div>\n\t\t\t\t\t\t\t\t\t\t\t<div class=\"spectra-image-gallery__media-thumbnail-caption-wrapper spectra-image-gallery__media-thumbnail-caption-wrapper--overlay\"><\/div>\n\t\t\t\t\t\t\t\t<\/div>\n\t\t\t\t\t\t<\/div>\n\t\t\t\t\t\t\t\t\t\t<\/div>\n\t\t\t\t\t\t\t\t\t\t\t\t\t\t\t\t\t\t<\/div>\n\t\t\t\t\t\t\t\t\t\t\t<div class='spectra-image-gallery__control-lightbox' tabindex='0'>\n\t\t\t\t\t\t\t\t\t\t\t<div class=\"swiper spectra-image-gallery__control-lightbox--main\" dir=\"\">\n\t\t\t\t\t<div class=\"swiper-wrapper\">\n\t\t\t\t\t\t\t\t\t\t\t\t\t\n\t\t\t\t\t\t\t<div class=\"swiper-slide\">\n\t\t\t\t\t\t\t\t<img class=\"swiper-lazy\" data-src=\"https:\/\/terralivha.pt\/wp-content\/uploads\/2023\/12\/WhatsApp-Image-2023-09-28-a-18.15.57_905b9722.jpg\" alt=\"\"\/>\n\t\t\t\t\t\t\t\t<div class=\"swiper-lazy-preloader swiper-lazy-preloader-white\"><\/div>\n\t\t\t\t\t\t\t\t\t\t\t\t\t\t\t<\/div>\n\t\t\t\t\t\t\t\t\t\t\t\t\t\n\t\t\t\t\t\t\t<div class=\"swiper-slide\">\n\t\t\t\t\t\t\t\t<img class=\"swiper-lazy\" data-src=\"https:\/\/terralivha.pt\/wp-content\/uploads\/2023\/12\/WhatsApp-Image-2023-09-28-a-18.20.55_e5d699d8.jpg\" alt=\"\"\/>\n\t\t\t\t\t\t\t\t<div class=\"swiper-lazy-preloader swiper-lazy-preloader-white\"><\/div>\n\t\t\t\t\t\t\t\t\t\t\t\t\t\t\t<\/div>\n\t\t\t\t\t\t\t\t\t\t\t\t\t\n\t\t\t\t\t\t\t<div class=\"swiper-slide\">\n\t\t\t\t\t\t\t\t<img class=\"swiper-lazy\" data-src=\"https:\/\/terralivha.pt\/wp-content\/uploads\/2023\/12\/WhatsApp-Image-2023-09-28-a-18.20.56_a1871020.jpg\" alt=\"\"\/>\n\t\t\t\t\t\t\t\t<div class=\"swiper-lazy-preloader swiper-lazy-preloader-white\"><\/div>\n\t\t\t\t\t\t\t\t\t\t\t\t\t\t\t<\/div>\n\t\t\t\t\t\t\t\t\t\t\t\t\t\n\t\t\t\t\t\t\t<div class=\"swiper-slide\">\n\t\t\t\t\t\t\t\t<img class=\"swiper-lazy\" data-src=\"https:\/\/terralivha.pt\/wp-content\/uploads\/2023\/12\/WhatsApp-Image-2023-09-28-a-18.37.33_a639bb69.jpg\" alt=\"\"\/>\n\t\t\t\t\t\t\t\t<div class=\"swiper-lazy-preloader swiper-lazy-preloader-white\"><\/div>\n\t\t\t\t\t\t\t\t\t\t\t\t\t\t\t<\/div>\n\t\t\t\t\t\t\t\t\t\t\t<\/div>\n\t\t\t\t\t<div class=\"swiper-button-next\"><\/div>\n\t\t\t\t\t<div class=\"swiper-button-prev\"><\/div>\n\t\t\t\t<\/div>\t\t\t\n\t\t\t\t\t\t\t\t\t\t\t\t\t\t\t\t\t\t\t\t\t\t\t\t\t\t\t\t\t\t\t\t<button class='spectra-image-gallery__control-lightbox--close' aria-label=\"Close\">\n\t\t\t\t\t\t\t\t\t\t\t\t\t<svg xmlns=\"https:\/\/www.w3.org\/2000\/svg\" viewBox= \"0 0 320 512\"><path d=\"M310.6 361.4c12.5 12.5 12.5 32.75 0 45.25C304.4 412.9 296.2 416 288 416s-16.38-3.125-22.62-9.375L160 301.3L54.63 406.6C48.38 412.9 40.19 416 32 416S15.63 412.9 9.375 406.6c-12.5-12.5-12.5-32.75 0-45.25l105.4-105.4L9.375 150.6c-12.5-12.5-12.5-32.75 0-45.25s32.75-12.5 45.25 0L160 210.8l105.4-105.4c12.5-12.5 32.75-12.5 45.25 0s12.5 32.75 0 45.25l-105.4 105.4L310.6 361.4z\"><\/path><\/svg>\n\t\t\t\t\t\t\t\t\t\t\t\t<\/button>\n\t\t\t\t\t\t\t\t\t\t\t\t\t<\/div>\n\t\t\t\t\t\t\t\t\t\n\n\n<p>En parall\u00e8le, Andr\u00e9 a contact\u00e9 les p\u00e9pini\u00e8res de la r\u00e9gion pour commencer la r\u00e9servation des plants, en pr\u00e9vision de la grande op\u00e9ration de plantation, qui allait \u00eatre d\u00e9finie pour le mois de novembre, en coop\u00e9ration avec les volontaires de la communaut\u00e9 qui souhaitent participer.<\/p>\n\n\n\n<p>Rendez-vous donc en novembre pour la suite des aventures et la grande op\u00e9ration de plantation et de tailles&nbsp;! \ud83c\udf33<\/p>\n","protected":false},"excerpt":{"rendered":"<p>Bonjour \u00e0 toutes et \u00e0 tous, C\u2019est avec joie que nous vous partageons la premi\u00e8re op\u00e9ration d\u2019envergure pr\u00e9vue sur le terrain. D\u00e8s l\u2019achat fait en avril 2023, nous avons pu commencer \u00e0 planifier les actions prioritaires du projet. Et sachant que le travail menant \u00e0 la restauration de l\u2019ancienne ferme allait se d\u00e9rouler sur une [&hellip;]<\/p>\n","protected":false},"author":6,"featured_media":1269,"comment_status":"open","ping_status":"open","sticky":false,"template":"","format":"standard","meta":{"_uag_custom_page_level_css":"","site-sidebar-layout":"default","site-content-layout":"","ast-site-content-layout":"default","site-content-style":"default","site-sidebar-style":"default","ast-global-header-display":"","ast-banner-title-visibility":"","ast-main-header-display":"","ast-hfb-above-header-display":"","ast-hfb-below-header-display":"","ast-hfb-mobile-header-display":"","site-post-title":"","ast-breadcrumbs-content":"","ast-featured-img":"","footer-sml-layout":"","ast-disable-related-posts":"","theme-transparent-header-meta":"","adv-header-id-meta":"","stick-header-meta":"","header-above-stick-meta":"","header-main-stick-meta":"","header-below-stick-meta":"","astra-migrate-meta-layouts":"set","ast-page-background-enabled":"default","ast-page-background-meta":{"desktop":{"background-color":"var(--ast-global-color-4)","background-image":"","background-repeat":"repeat","background-position":"center center","background-size":"auto","background-attachment":"scroll","background-type":"","background-media":"","overlay-type":"","overlay-color":"","overlay-opacity":"","overlay-gradient":""},"tablet":{"background-color":"","background-image":"","background-repeat":"repeat","background-position":"center center","background-size":"auto","background-attachment":"scroll","background-type":"","background-media":"","overlay-type":"","overlay-color":"","overlay-opacity":"","overlay-gradient":""},"mobile":{"background-color":"","background-image":"","background-repeat":"repeat","background-position":"center center","background-size":"auto","background-attachment":"scroll","background-type":"","background-media":"","overlay-type":"","overlay-color":"","overlay-opacity":"","overlay-gradient":""}},"ast-content-background-meta":{"desktop":{"background-color":"var(--ast-global-color-5)","background-image":"","background-repeat":"repeat","background-position":"center center","background-size":"auto","background-attachment":"scroll","background-type":"","background-media":"","overlay-type":"","overlay-color":"","overlay-opacity":"","overlay-gradient":""},"tablet":{"background-color":"var(--ast-global-color-5)","background-image":"","background-repeat":"repeat","background-position":"center center","background-size":"auto","background-attachment":"scroll","background-type":"","background-media":"","overlay-type":"","overlay-color":"","overlay-opacity":"","overlay-gradient":""},"mobile":{"background-color":"var(--ast-global-color-5)","background-image":"","background-repeat":"repeat","background-position":"center center","background-size":"auto","background-attachment":"scroll","background-type":"","background-media":"","overlay-type":"","overlay-color":"","overlay-opacity":"","overlay-gradient":""}},"footnotes":""},"categories":[1],"tags":[],"class_list":["post-1265","post","type-post","status-publish","format-standard","has-post-thumbnail","hentry","category-non-classifiee"],"uagb_featured_image_src":{"full":["https:\/\/terralivha.pt\/wp-content\/uploads\/2023\/12\/2023-12-10-17-01-11.png",1199,743,false],"thumbnail":["https:\/\/terralivha.pt\/wp-content\/uploads\/2023\/12\/2023-12-10-17-01-11-150x150.png",150,150,true],"medium":["https:\/\/terralivha.pt\/wp-content\/uploads\/2023\/12\/2023-12-10-17-01-11-300x186.png",300,186,true],"medium_large":["https:\/\/terralivha.pt\/wp-content\/uploads\/2023\/12\/2023-12-10-17-01-11-768x476.png",768,476,true],"large":["https:\/\/terralivha.pt\/wp-content\/uploads\/2023\/12\/2023-12-10-17-01-11-1024x635.png",1024,635,true],"1536x1536":["https:\/\/terralivha.pt\/wp-content\/uploads\/2023\/12\/2023-12-10-17-01-11.png",1199,743,false],"2048x2048":["https:\/\/terralivha.pt\/wp-content\/uploads\/2023\/12\/2023-12-10-17-01-11.png",1199,743,false]},"uagb_author_info":{"display_name":"Terra Livha","author_link":"https:\/\/terralivha.pt\/fr\/author\/terralivha\/"},"uagb_comment_info":4,"uagb_excerpt":"Bonjour \u00e0 toutes et \u00e0 tous, C\u2019est avec joie que nous vous partageons la premi\u00e8re op\u00e9ration d\u2019envergure pr\u00e9vue sur le terrain. D\u00e8s l\u2019achat fait en avril 2023, nous avons pu commencer \u00e0 planifier les actions prioritaires du projet. Et sachant que le travail menant \u00e0 la restauration de l\u2019ancienne ferme allait se d\u00e9rouler sur une\u2026","_links":{"self":[{"href":"https:\/\/terralivha.pt\/fr\/wp-json\/wp\/v2\/posts\/1265","targetHints":{"allow":["GET"]}}],"collection":[{"href":"https:\/\/terralivha.pt\/fr\/wp-json\/wp\/v2\/posts"}],"about":[{"href":"https:\/\/terralivha.pt\/fr\/wp-json\/wp\/v2\/types\/post"}],"author":[{"embeddable":true,"href":"https:\/\/terralivha.pt\/fr\/wp-json\/wp\/v2\/users\/6"}],"replies":[{"embeddable":true,"href":"https:\/\/terralivha.pt\/fr\/wp-json\/wp\/v2\/comments?post=1265"}],"version-history":[{"count":18,"href":"https:\/\/terralivha.pt\/fr\/wp-json\/wp\/v2\/posts\/1265\/revisions"}],"predecessor-version":[{"id":2529,"href":"https:\/\/terralivha.pt\/fr\/wp-json\/wp\/v2\/posts\/1265\/revisions\/2529"}],"wp:featuredmedia":[{"embeddable":true,"href":"https:\/\/terralivha.pt\/fr\/wp-json\/wp\/v2\/media\/1269"}],"wp:attachment":[{"href":"https:\/\/terralivha.pt\/fr\/wp-json\/wp\/v2\/media?parent=1265"}],"wp:term":[{"taxonomy":"category","embeddable":true,"href":"https:\/\/terralivha.pt\/fr\/wp-json\/wp\/v2\/categories?post=1265"},{"taxonomy":"post_tag","embeddable":true,"href":"https:\/\/terralivha.pt\/fr\/wp-json\/wp\/v2\/tags?post=1265"}],"curies":[{"name":"wp","href":"https:\/\/api.w.org\/{rel}","templated":true}]}}