{"id":2821,"date":"2024-11-15T13:12:10","date_gmt":"2024-11-15T13:12:10","guid":{"rendered":"https:\/\/terralivha.pt\/?p=2821"},"modified":"2024-12-20T13:38:53","modified_gmt":"2024-12-20T13:38:53","slug":"plantations-a-venir-nouvelles-a-propos-dun-incendie-et-protections-futures","status":"publish","type":"post","link":"https:\/\/terralivha.pt\/fr\/plantations-a-venir-nouvelles-a-propos-dun-incendie-et-protections-futures\/","title":{"rendered":"Plantations \u00e0 venir, nouvelles \u00e0 propos d\u2019un incendie et protections futures"},"content":{"rendered":"\n<p>Bonjour \u00e0 tous&nbsp;!<\/p>\n\n\n\n<p>Nous vous partageons aujourd\u2019hui des nouvelles de Terra Livha. M\u00eame si les mois de l\u2019\u00e9t\u00e9 ont surtout \u00e9t\u00e9 d\u00e9di\u00e9s \u00e0 un suivi ponctuel des plantations faites l\u2019ann\u00e9e pass\u00e9e, cela n\u2019a pas \u00e9t\u00e9 sans \u00e9v\u00e9nements pour autant, ce qui nous a bien occup\u00e9.<\/p>\n\n\n\n<p>Avant d\u2019en venir au sujet des plantations \u00e0 venir, nous souhaitons ainsi vous partager un \u00e9v\u00e9nement qui a eu lieu cet \u00e9t\u00e9.<\/p>\n\n\n\n<p>En effet, \u00e0 la mi-juillet, un incendie a eu lieu qui s\u2019est d\u00e9clench\u00e9 de mani\u00e8re accidentelle en bordure du terrain, qui a principalement touch\u00e9 la lisi\u00e8re du terrain, ainsi qu\u2019une partie du voisinage. Heureusement les pompiers ont pu vite intervenir, ce qui a limit\u00e9 l\u2019\u00e9tendue de celui-ci.<\/p>\n\n\n\n<p>Cela est d\u00fb \u00e0 une n\u00e9gligence d\u2019une personne locale travaillant \u00e0 l\u2019entretien des limites du terrain en pr\u00e9vision des incendies (ironie du sort\u2026), qui a choisi d\u2019utiliser le tracteur \u00e0 une heure \u00e0 \u00e9viter (l\u2019apr\u00e8s-midi un jour de grande chaleur), et malheureusement la cons\u00e9quence a \u00e9t\u00e9 des \u00e9tincelles qui ont initi\u00e9 un feu qui s\u2019est propag\u00e9.<\/p>\n\n\n\n<p>Heureusement, malgr\u00e9 cet \u00e9v\u00e9nement dommageable, celui-ci n\u2019a eu qu\u2019un impact limit\u00e9. Cela est d\u00fb au fait que le paysage dans la r\u00e9gion n\u2019est pas autant probl\u00e9matique pour les incendies que d\u2019autres r\u00e9gions du Portugal, et peu d\u2019incendies ont lieu depuis une dizaine d\u2019ann\u00e9es.<\/p>\n\n\n\n<p>Il y a peu d\u2019eucalyptus ou&nbsp;d\u2019autres&nbsp;esp\u00e8ces&nbsp;d\u2019arbre&nbsp;\u00e0&nbsp;essence&nbsp;fortement&nbsp;inflammable, ce qui fait que les incendies sont plus faciles \u00e0 maitriser et prennent moins d\u2019ampleur.<\/p>\n\n\n\n<p>De plus, l\u2019incendie s\u2019est produit dans une zone contenant plus de prairie et donc d\u00e9pourvue d\u2019une grande densit\u00e9 d\u2019arbres.<\/p>\n\n\n\n<p>Ainsi le feu s\u2019est en fait apparent\u00e9 \u00e0 un \u00e9cobuage, qui est pass\u00e9 rapidement sans bruler les arbres. Les herbes au sol ont \u00e9t\u00e9 touch\u00e9es, et les arbres, \u00e0 part 2 exceptions pr\u00e8s (arbres tr\u00e8s secs et entour\u00e9s de broussailles), ont tous \u00e9t\u00e9 touch\u00e9s uniquement en superficie. Le sol a d\u00e9j\u00e0 reverdi, et les branches ayant perdu des feuilles ou dont les feuilles ont jauni par la chaleur montrent d\u00e9j\u00e0 des feuilles qui repoussent depuis septembre.<\/p>\n\n\n\n<p>C\u2019est une exp\u00e9rience qui va nous servir \u00e0 l\u2019avenir, et montre que nous avons besoin de plus de pr\u00e9sence sur place en d\u00e9veloppant des capacit\u00e9s d\u2019accueil bient\u00f4t, pour pouvoir \u00e9viter que ce genre de n\u00e9gligence (d\u00e9cider d\u2019utiliser une machine agricole en pleine heure chaude de l\u2019\u00e9t\u00e9) ne se produise en notre absence. Ainsi nous allons \u00eatre encore plus attentifs dans la collaboration avec des professionnels locaux, et la mani\u00e8re de suivre leur travail. Nous travaillons \u00e9galement \u00e0 la mise en place d\u2019un plan de protection aux incendies, d\u00e9j\u00e0 depuis avril de cette ann\u00e9e.<\/p>\n\n\n\n<p>Ce plan de gestion du terrain va inclure des zones de protection anti-incendies&nbsp;:<\/p>\n\n\n\n<ul class=\"wp-block-list\">\n<li>Au sommet des pentes (le feu a tendance \u00e0 monter)<\/li>\n\n\n\n<li>Entourant les futures zones de r\u00e9sidences<\/li>\n\n\n\n<li>Et prot\u00e9geant aussi des vents dominants<\/li>\n<\/ul>\n\n\n\n<p>Des zones plus humides via des \u00e9tangs et des plantations d\u2019arbres bien choisies vont aussi \u00eatre mises en place progressivement et contribuer \u00e0 augmenter l\u2019humidit\u00e9 sur le terrain et jouer un r\u00f4le dans la protection contre les incendies.<\/p>\n\n\n\n<p>Ces mesures que nous avons \u00e9tudi\u00e9 avec un professionnel sp\u00e9cialiste du sujet limiteront fortement les risques futurs.<\/p>\n\n\n\n<p>Au final, dans cette exp\u00e9rience \u00e0 premi\u00e8re vue difficile, la chance a \u00e9t\u00e9 que le terrain n\u2019a \u00e9t\u00e9 que peu touch\u00e9. C\u2019est bien s\u00fbr un grand apprentissage qui va faire grandir le projet au final et le rendre plus solide.&nbsp;<\/p>\n\n\n\n<p>Pour continuer sur une nouvelle plus enthousiasmante, c\u2019est avec joie que nous pouvons partager que nous allons renouveler une op\u00e9ration de plantation d\u2019arbres cette ann\u00e9e, au d\u00e9but du mois de d\u00e9cembre \ud83c\udf31<\/p>\n\n\n\n<p>L&rsquo;id\u00e9e est de planter environ 1000 arbres sur 2 zones de conservation du terrain, proches de la future zone de r\u00e9sidence. L&rsquo;id\u00e9e est de planter des vari\u00e9t\u00e9s r\u00e9sistantes qui pourront croitre d&rsquo;elles-m\u00eames sans arrosage n\u00e9cessaire. En plus de ces jeunes arbres nous planterons aussi des glands venant de ch\u00eanes du terrain.<\/p>\n\n\n\n<p>Nous aurons aussi l&rsquo;aide d&rsquo;un tracteur pour faire des lignes qui aideront \u00e0 l&rsquo;infiltration de l&rsquo;eau sur les zones l\u00e9g\u00e8rement en pente et aideront \u00e0 alimenter les sols en eau et r\u00e9duire l&rsquo;\u00e9rosion future.&nbsp;<\/p>\n\n\n\n<p>Enfin, nous disposerons du mulch autour des plantations pour qu&rsquo;elles conservent mieux l&rsquo;humidit\u00e9 et essaimer ces zones avec des graines pour favoriser une meilleure diversit\u00e9 de plantes et am\u00e9liorer le sol.&nbsp;<\/p>\n\n\n\n<p>Une \u00e9quipe de volontaire a d\u00e9j\u00e0 \u00e9t\u00e9 r\u00e9unie, et nous serons accompagn\u00e9s comme l\u2019an pass\u00e9 par Andr\u00e9 Vizinho et son \u00e9quipe, qui sont sp\u00e9cialistes des \u00e9cosyst\u00e8mes locaux de type \u00ab&nbsp;montado&nbsp;\u00bb et dans&nbsp;les op\u00e9rations de reforestation dans la r\u00e9gion.<\/p>\n\n\n\n<p>Cette op\u00e9ration est rendue possible gr\u00e2ce aux g\u00e9n\u00e9reux dons de chacun, et nous sommes heureux de pouvoir vous partager que nous avons r\u00e9uni les fonds pour cette op\u00e9ration&nbsp;! \ud83c\udf8a Nous remercions du fond du c\u0153ur tous ceux qui ont d\u00e9j\u00e0 pu contribuer pour soutenir cette op\u00e9ration \ud83d\udc9b\ud83d\ude4f<\/p>\n\n\n\n<p>Voici un plan des plantations pr\u00e9vues&nbsp;:<\/p>\n\n\n\n<figure class=\"wp-block-image size-full\"><img loading=\"lazy\" decoding=\"async\" width=\"1386\" height=\"731\" src=\"https:\/\/terralivha.pt\/wp-content\/uploads\/2024\/12\/plan-plantations-2024.jpg\" alt=\"\" class=\"wp-image-2823\" srcset=\"https:\/\/terralivha.pt\/wp-content\/uploads\/2024\/12\/plan-plantations-2024.jpg 1386w, https:\/\/terralivha.pt\/wp-content\/uploads\/2024\/12\/plan-plantations-2024-300x158.jpg 300w, https:\/\/terralivha.pt\/wp-content\/uploads\/2024\/12\/plan-plantations-2024-1024x540.jpg 1024w, https:\/\/terralivha.pt\/wp-content\/uploads\/2024\/12\/plan-plantations-2024-768x405.jpg 768w\" sizes=\"auto, (max-width: 1386px) 100vw, 1386px\" \/><\/figure>\n\n\n\n<p>Nous vous tiendrons bient\u00f4t au courant du d\u00e9roulement de cette op\u00e9ration, avec certainement un mini-reportage \u00e0 venir&nbsp;\ud83d\ude0a<\/p>\n\n\n\n<p>Si vous souhaitez participer \u00e0 de prochaines activit\u00e9s sur le terrain, n\u2019h\u00e9sitez pas \u00e0 nous contacter via la page contact du site&nbsp;!<\/p>\n\n\n\n<p>A tr\u00e8s bient\u00f4t pour plus de nouvelles,<\/p>\n\n\n\n<p>Toute l\u2019\u00e9quipe de Terra Livha<\/p>\n","protected":false},"excerpt":{"rendered":"<p>Bonjour \u00e0 tous&nbsp;! Nous vous partageons aujourd\u2019hui des nouvelles de Terra Livha. M\u00eame si les mois de l\u2019\u00e9t\u00e9 ont surtout \u00e9t\u00e9 d\u00e9di\u00e9s \u00e0 un suivi ponctuel des plantations faites l\u2019ann\u00e9e pass\u00e9e, cela n\u2019a pas \u00e9t\u00e9 sans \u00e9v\u00e9nements pour autant, ce qui nous a bien occup\u00e9. Avant d\u2019en venir au sujet des plantations \u00e0 venir, nous [&hellip;]<\/p>\n","protected":false},"author":1,"featured_media":2828,"comment_status":"open","ping_status":"open","sticky":false,"template":"","format":"standard","meta":{"_uag_custom_page_level_css":"","site-sidebar-layout":"default","site-content-layout":"","ast-site-content-layout":"default","site-content-style":"default","site-sidebar-style":"default","ast-global-header-display":"","ast-banner-title-visibility":"","ast-main-header-display":"","ast-hfb-above-header-display":"","ast-hfb-below-header-display":"","ast-hfb-mobile-header-display":"","site-post-title":"","ast-breadcrumbs-content":"","ast-featured-img":"","footer-sml-layout":"","ast-disable-related-posts":"","theme-transparent-header-meta":"","adv-header-id-meta":"","stick-header-meta":"","header-above-stick-meta":"","header-main-stick-meta":"","header-below-stick-meta":"","astra-migrate-meta-layouts":"set","ast-page-background-enabled":"default","ast-page-background-meta":{"desktop":{"background-color":"var(--ast-global-color-4)","background-image":"","background-repeat":"repeat","background-position":"center center","background-size":"auto","background-attachment":"scroll","background-type":"","background-media":"","overlay-type":"","overlay-color":"","overlay-opacity":"","overlay-gradient":""},"tablet":{"background-color":"","background-image":"","background-repeat":"repeat","background-position":"center center","background-size":"auto","background-attachment":"scroll","background-type":"","background-media":"","overlay-type":"","overlay-color":"","overlay-opacity":"","overlay-gradient":""},"mobile":{"background-color":"","background-image":"","background-repeat":"repeat","background-position":"center center","background-size":"auto","background-attachment":"scroll","background-type":"","background-media":"","overlay-type":"","overlay-color":"","overlay-opacity":"","overlay-gradient":""}},"ast-content-background-meta":{"desktop":{"background-color":"var(--ast-global-color-5)","background-image":"","background-repeat":"repeat","background-position":"center center","background-size":"auto","background-attachment":"scroll","background-type":"","background-media":"","overlay-type":"","overlay-color":"","overlay-opacity":"","overlay-gradient":""},"tablet":{"background-color":"var(--ast-global-color-5)","background-image":"","background-repeat":"repeat","background-position":"center center","background-size":"auto","background-attachment":"scroll","background-type":"","background-media":"","overlay-type":"","overlay-color":"","overlay-opacity":"","overlay-gradient":""},"mobile":{"background-color":"var(--ast-global-color-5)","background-image":"","background-repeat":"repeat","background-position":"center center","background-size":"auto","background-attachment":"scroll","background-type":"","background-media":"","overlay-type":"","overlay-color":"","overlay-opacity":"","overlay-gradient":""}},"footnotes":""},"categories":[1],"tags":[],"class_list":["post-2821","post","type-post","status-publish","format-standard","has-post-thumbnail","hentry","category-non-classifiee"],"uagb_featured_image_src":{"full":["https:\/\/terralivha.pt\/wp-content\/uploads\/2024\/12\/plan-plantations-2024.png",1140,908,false],"thumbnail":["https:\/\/terralivha.pt\/wp-content\/uploads\/2024\/12\/plan-plantations-2024-150x150.png",150,150,true],"medium":["https:\/\/terralivha.pt\/wp-content\/uploads\/2024\/12\/plan-plantations-2024-300x239.png",300,239,true],"medium_large":["https:\/\/terralivha.pt\/wp-content\/uploads\/2024\/12\/plan-plantations-2024-768x612.png",768,612,true],"large":["https:\/\/terralivha.pt\/wp-content\/uploads\/2024\/12\/plan-plantations-2024-1024x816.png",1024,816,true],"1536x1536":["https:\/\/terralivha.pt\/wp-content\/uploads\/2024\/12\/plan-plantations-2024.png",1140,908,false],"2048x2048":["https:\/\/terralivha.pt\/wp-content\/uploads\/2024\/12\/plan-plantations-2024.png",1140,908,false]},"uagb_author_info":{"display_name":"livaTeradm99","author_link":"https:\/\/terralivha.pt\/fr\/author\/livateradm99\/"},"uagb_comment_info":0,"uagb_excerpt":"Bonjour \u00e0 tous&nbsp;! Nous vous partageons aujourd\u2019hui des nouvelles de Terra Livha. M\u00eame si les mois de l\u2019\u00e9t\u00e9 ont surtout \u00e9t\u00e9 d\u00e9di\u00e9s \u00e0 un suivi ponctuel des plantations faites l\u2019ann\u00e9e pass\u00e9e, cela n\u2019a pas \u00e9t\u00e9 sans \u00e9v\u00e9nements pour autant, ce qui nous a bien occup\u00e9. Avant d\u2019en venir au sujet des plantations \u00e0 venir, nous\u2026","_links":{"self":[{"href":"https:\/\/terralivha.pt\/fr\/wp-json\/wp\/v2\/posts\/2821","targetHints":{"allow":["GET"]}}],"collection":[{"href":"https:\/\/terralivha.pt\/fr\/wp-json\/wp\/v2\/posts"}],"about":[{"href":"https:\/\/terralivha.pt\/fr\/wp-json\/wp\/v2\/types\/post"}],"author":[{"embeddable":true,"href":"https:\/\/terralivha.pt\/fr\/wp-json\/wp\/v2\/users\/1"}],"replies":[{"embeddable":true,"href":"https:\/\/terralivha.pt\/fr\/wp-json\/wp\/v2\/comments?post=2821"}],"version-history":[{"count":2,"href":"https:\/\/terralivha.pt\/fr\/wp-json\/wp\/v2\/posts\/2821\/revisions"}],"predecessor-version":[{"id":2827,"href":"https:\/\/terralivha.pt\/fr\/wp-json\/wp\/v2\/posts\/2821\/revisions\/2827"}],"wp:featuredmedia":[{"embeddable":true,"href":"https:\/\/terralivha.pt\/fr\/wp-json\/wp\/v2\/media\/2828"}],"wp:attachment":[{"href":"https:\/\/terralivha.pt\/fr\/wp-json\/wp\/v2\/media?parent=2821"}],"wp:term":[{"taxonomy":"category","embeddable":true,"href":"https:\/\/terralivha.pt\/fr\/wp-json\/wp\/v2\/categories?post=2821"},{"taxonomy":"post_tag","embeddable":true,"href":"https:\/\/terralivha.pt\/fr\/wp-json\/wp\/v2\/tags?post=2821"}],"curies":[{"name":"wp","href":"https:\/\/api.w.org\/{rel}","templated":true}]}}