{"id":2834,"date":"2024-11-15T13:12:10","date_gmt":"2024-11-15T13:12:10","guid":{"rendered":"https:\/\/terralivha.pt\/proximas-plantacoes-noticias-sobre-um-incendio-e-proteccoes-futuras\/"},"modified":"2024-12-20T14:41:03","modified_gmt":"2024-12-20T14:41:03","slug":"proximas-plantacoes-noticias-sobre-um-incendio-e-proteccoes-futuras","status":"publish","type":"post","link":"https:\/\/terralivha.pt\/pt-pt\/proximas-plantacoes-noticias-sobre-um-incendio-e-proteccoes-futuras\/","title":{"rendered":"Pr\u00f3ximas planta\u00e7\u00f5es, not\u00edcias sobre um inc\u00eandio e protec\u00e7\u00f5es futuras"},"content":{"rendered":"\n<p>Ol\u00e1 a todos!<\/p>\n\n<p>Hoje partilhamos contigo algumas novidades da Terra Livha. Embora os meses de ver\u00e3o tenham sido dedicados principalmente a um acompanhamento pontual das planta\u00e7\u00f5es do ano passado, n\u00e3o foi s\u00f3 isso que nos manteve ocupados.  <\/p>\n\n<p>Antes de passarmos ao tema das futuras planta\u00e7\u00f5es, gostar\u00edamos de partilhar convosco um acontecimento que teve lugar este ver\u00e3o.<\/p>\n\n<p>Em meados de julho, houve um inc\u00eandio acidental no limite do terreno, que afectou principalmente o limite da propriedade e parte da vizinhan\u00e7a. Felizmente, os bombeiros puderam intervir rapidamente, o que limitou a extens\u00e3o do inc\u00eandio.  <\/p>\n\n<p>Isto deveu-se \u00e0 neglig\u00eancia de uma pessoa local que trabalhava na manuten\u00e7\u00e3o dos limites da propriedade em antecipa\u00e7\u00e3o aos inc\u00eandios (ironia do destino&#8230;), que optou por utilizar o trator numa altura que deveria ser evitada (\u00e0 tarde, num dia muito quente) e, infelizmente, a consequ\u00eancia foram fa\u00edscas que deram in\u00edcio a um inc\u00eandio que se propagou.<\/p>\n\n<p>Felizmente, apesar deste acontecimento danoso, o seu impacto foi limitado. Isto deve-se ao facto de a paisagem da regi\u00e3o n\u00e3o ser t\u00e3o problem\u00e1tica para os inc\u00eandios como noutras partes de Portugal e, nos \u00faltimos dez anos, poucos inc\u00eandios ocorreram.  <\/p>\n\n<p>Existem poucos eucaliptos ou outras esp\u00e9cies arb\u00f3reas com elevada inflamabilidade, o que significa que os inc\u00eandios s\u00e3o mais f\u00e1ceis de controlar e assumem menor import\u00e2ncia.<\/p>\n\n<p>Al\u00e9m disso, o inc\u00eandio ocorreu numa zona com mais pastagens e, portanto, sem grande densidade de \u00e1rvores.<\/p>\n\n<p>Por isso, o fogo foi semelhante a um inc\u00eandio de mato, que passou rapidamente sem queimar as \u00e1rvores. A erva no solo foi afetada e as \u00e1rvores, com 2 excep\u00e7\u00f5es (\u00e1rvores muito secas rodeadas de vegeta\u00e7\u00e3o rasteira), foram todas afectadas apenas superficialmente. O solo j\u00e1 est\u00e1 verde, e os ramos que perderam as folhas ou cujas folhas ficaram amarelas devido ao calor j\u00e1 apresentam folhas que est\u00e3o a crescer desde setembro.   <\/p>\n\n<p>Esta \u00e9 uma experi\u00eancia que nos vai servir para o futuro e mostra que precisamos de estar mais presentes no local, desenvolvendo capacidades de acolhimento em breve, para evitar que este tipo de neglig\u00eancia (decidir utilizar uma m\u00e1quina agr\u00edcola no auge do calor do ver\u00e3o) aconte\u00e7a na nossa aus\u00eancia. Por isso, vamos ser ainda mais cuidadosos na nossa colabora\u00e7\u00e3o com os profissionais locais e na forma como acompanhamos o seu trabalho. Tamb\u00e9m estamos a trabalhar num plano de prote\u00e7\u00e3o contra inc\u00eandios desde abril deste ano.   <\/p>\n\n<p>Este plano de gest\u00e3o territorial incluir\u00e1 zonas de prote\u00e7\u00e3o contra inc\u00eandios:<\/p>\n\n<ul class=\"wp-block-list\">\n<li>No topo das encostas (o fogo tende a subir)<\/li>\n\n\n\n<li>Na proximidade de futuras \u00e1reas residenciais<\/li>\n\n\n\n<li>E protegendo contra os ventos dominantes<\/li>\n<\/ul>\n\n<p>Ser\u00e3o tamb\u00e9m introduzidas gradualmente zonas mais h\u00famidas atrav\u00e9s de charcos e planta\u00e7\u00f5es de \u00e1rvores bem escolhidas, que contribuir\u00e3o para aumentar a humidade do terreno e ter um papel na prote\u00e7\u00e3o contra inc\u00eandios.<\/p>\n\n<p>Estas medidas, que estud\u00e1mos com um profissional especializado no assunto, limitar\u00e3o consideravelmente os riscos futuros.<\/p>\n\n<p>No final, naquilo que \u00e0 primeira vista parecia ser uma experi\u00eancia dif\u00edcil, tivemos a sorte de o terreno ter sido apenas ligeiramente afetado. \u00c9, sem d\u00favida, uma grande aprendizagem, que acabar\u00e1 por ajudar o projeto a crescer e a tornar-se mais s\u00f3lido.  <\/p>\n\n<p>Para continuar com uma nota mais entusiasmante, temos o prazer de poder partilhar que vamos repetir uma opera\u00e7\u00e3o de planta\u00e7\u00e3o de \u00e1rvores este ano, no in\u00edcio de dezembro \ud83c\udf31<\/p>\n\n<p>A ideia \u00e9 plantar cerca de 1.000 \u00e1rvores em 2 \u00e1reas de conserva\u00e7\u00e3o do terreno, junto \u00e0 futura zona residencial. A ideia \u00e9 plantar variedades resistentes que possam crescer sozinhas sem necessidade de rega. Para al\u00e9m destas \u00e1rvores jovens, vamos tamb\u00e9m plantar bolotas de carvalhos existentes no local.   <\/p>\n\n<p>Teremos tamb\u00e9m a ajuda de um trator para fazer linhas que ajudar\u00e3o a infiltra\u00e7\u00e3o da \u00e1gua nas \u00e1reas ligeiramente inclinadas e ajudar\u00e3o a abastecer o solo com \u00e1gua e a reduzir a eros\u00e3o futura. <\/p>\n\n<p>Por fim, colocaremos cobertura de mulch \u00e0 volta das planta\u00e7\u00f5es para ajudar a reter a humidade e espalharemos sementes nestas \u00e1reas para incentivar uma maior diversidade de plantas e melhorar o solo. <\/p>\n\n<p>J\u00e1 foi reunida uma equipa de volunt\u00e1rios e seremos acompanhados, tal como no ano passado, por Andr\u00e9 Vizinho e a sua equipa, especialistas em ecossistemas de montado e em opera\u00e7\u00f5es de refloresta\u00e7\u00e3o na regi\u00e3o.<\/p>\n\n<p>Esta opera\u00e7\u00e3o \u00e9 poss\u00edvel gra\u00e7as aos generosos donativos de todos os envolvidos, e \u00e9 com grande satisfa\u00e7\u00e3o que podemos partilhar convosco que angari\u00e1mos os fundos para esta opera\u00e7\u00e3o! Os nossos sinceros agradecimentos a todos os que j\u00e1 contribu\u00edram para apoiar esta opera\u00e7\u00e3o \ud83d\udc9b\ud83d\ude4f  <\/p>\n\n<p>Aqui est\u00e1 um plano da planta\u00e7\u00e3o prevista :<\/p>\n\n<figure class=\"wp-block-image size-full\"><img loading=\"lazy\" decoding=\"async\" width=\"1386\" height=\"731\" src=\"https:\/\/terralivha.pt\/wp-content\/uploads\/2024\/12\/plan-plantations-2024.jpg\" alt=\"\" class=\"wp-image-2823\" srcset=\"https:\/\/terralivha.pt\/wp-content\/uploads\/2024\/12\/plan-plantations-2024.jpg 1386w, https:\/\/terralivha.pt\/wp-content\/uploads\/2024\/12\/plan-plantations-2024-300x158.jpg 300w, https:\/\/terralivha.pt\/wp-content\/uploads\/2024\/12\/plan-plantations-2024-1024x540.jpg 1024w, https:\/\/terralivha.pt\/wp-content\/uploads\/2024\/12\/plan-plantations-2024-768x405.jpg 768w\" sizes=\"auto, (max-width: 1386px) 100vw, 1386px\" \/><\/figure>\n\n<p>Em breve manter-te-emos informado sobre o andamento desta opera\u00e7\u00e3o, com certeza que vir\u00e1 um mini-relat\u00f3rio \ud83d\ude0a<\/p>\n\n<p>Se quiser participar em futuras actividades de campo, entra em contacto atrav\u00e9s da p\u00e1gina de contactos do site!<\/p>\n\n<p>Nos vemos em breve para mais novidades,<\/p>\n\n<p>A equipa Terra Livha<\/p>\n","protected":false},"excerpt":{"rendered":"<p>Ol\u00e1 a todos! Hoje partilhamos contigo algumas novidades da Terra Livha. Embora os meses de ver\u00e3o tenham sido dedicados principalmente a um acompanhamento pontual das planta\u00e7\u00f5es do ano passado, n\u00e3o foi s\u00f3 isso que nos manteve ocupados. Antes de passarmos ao tema das futuras planta\u00e7\u00f5es, gostar\u00edamos de partilhar convosco um acontecimento que teve lugar este [&hellip;]<\/p>\n","protected":false},"author":1,"featured_media":2830,"comment_status":"open","ping_status":"open","sticky":false,"template":"","format":"standard","meta":{"_uag_custom_page_level_css":"","site-sidebar-layout":"default","site-content-layout":"","ast-site-content-layout":"default","site-content-style":"default","site-sidebar-style":"default","ast-global-header-display":"","ast-banner-title-visibility":"","ast-main-header-display":"","ast-hfb-above-header-display":"","ast-hfb-below-header-display":"","ast-hfb-mobile-header-display":"","site-post-title":"","ast-breadcrumbs-content":"","ast-featured-img":"","footer-sml-layout":"","ast-disable-related-posts":"","theme-transparent-header-meta":"","adv-header-id-meta":"","stick-header-meta":"","header-above-stick-meta":"","header-main-stick-meta":"","header-below-stick-meta":"","astra-migrate-meta-layouts":"default","ast-page-background-enabled":"default","ast-page-background-meta":{"desktop":{"background-color":"var(--ast-global-color-4)","background-image":"","background-repeat":"repeat","background-position":"center center","background-size":"auto","background-attachment":"scroll","background-type":"","background-media":"","overlay-type":"","overlay-color":"","overlay-opacity":"","overlay-gradient":""},"tablet":{"background-color":"","background-image":"","background-repeat":"repeat","background-position":"center center","background-size":"auto","background-attachment":"scroll","background-type":"","background-media":"","overlay-type":"","overlay-color":"","overlay-opacity":"","overlay-gradient":""},"mobile":{"background-color":"","background-image":"","background-repeat":"repeat","background-position":"center center","background-size":"auto","background-attachment":"scroll","background-type":"","background-media":"","overlay-type":"","overlay-color":"","overlay-opacity":"","overlay-gradient":""}},"ast-content-background-meta":{"desktop":{"background-color":"var(--ast-global-color-5)","background-image":"","background-repeat":"repeat","background-position":"center center","background-size":"auto","background-attachment":"scroll","background-type":"","background-media":"","overlay-type":"","overlay-color":"","overlay-opacity":"","overlay-gradient":""},"tablet":{"background-color":"var(--ast-global-color-5)","background-image":"","background-repeat":"repeat","background-position":"center center","background-size":"auto","background-attachment":"scroll","background-type":"","background-media":"","overlay-type":"","overlay-color":"","overlay-opacity":"","overlay-gradient":""},"mobile":{"background-color":"var(--ast-global-color-5)","background-image":"","background-repeat":"repeat","background-position":"center center","background-size":"auto","background-attachment":"scroll","background-type":"","background-media":"","overlay-type":"","overlay-color":"","overlay-opacity":"","overlay-gradient":""}},"footnotes":""},"categories":[5],"tags":[],"class_list":["post-2834","post","type-post","status-publish","format-standard","has-post-thumbnail","hentry","category-sem-categoria"],"uagb_featured_image_src":{"full":["https:\/\/terralivha.pt\/wp-content\/uploads\/2024\/12\/plan-plantations-2024.png",1140,908,false],"thumbnail":["https:\/\/terralivha.pt\/wp-content\/uploads\/2024\/12\/plan-plantations-2024-150x150.png",150,150,true],"medium":["https:\/\/terralivha.pt\/wp-content\/uploads\/2024\/12\/plan-plantations-2024-300x239.png",300,239,true],"medium_large":["https:\/\/terralivha.pt\/wp-content\/uploads\/2024\/12\/plan-plantations-2024-768x612.png",768,612,true],"large":["https:\/\/terralivha.pt\/wp-content\/uploads\/2024\/12\/plan-plantations-2024-1024x816.png",1024,816,true],"1536x1536":["https:\/\/terralivha.pt\/wp-content\/uploads\/2024\/12\/plan-plantations-2024.png",1140,908,false],"2048x2048":["https:\/\/terralivha.pt\/wp-content\/uploads\/2024\/12\/plan-plantations-2024.png",1140,908,false]},"uagb_author_info":{"display_name":"livaTeradm99","author_link":"https:\/\/terralivha.pt\/pt-pt\/author\/livateradm99\/"},"uagb_comment_info":0,"uagb_excerpt":"Ol\u00e1 a todos! Hoje partilhamos contigo algumas novidades da Terra Livha. Embora os meses de ver\u00e3o tenham sido dedicados principalmente a um acompanhamento pontual das planta\u00e7\u00f5es do ano passado, n\u00e3o foi s\u00f3 isso que nos manteve ocupados. Antes de passarmos ao tema das futuras planta\u00e7\u00f5es, gostar\u00edamos de partilhar convosco um acontecimento que teve lugar este&hellip;","_links":{"self":[{"href":"https:\/\/terralivha.pt\/pt-pt\/wp-json\/wp\/v2\/posts\/2834","targetHints":{"allow":["GET"]}}],"collection":[{"href":"https:\/\/terralivha.pt\/pt-pt\/wp-json\/wp\/v2\/posts"}],"about":[{"href":"https:\/\/terralivha.pt\/pt-pt\/wp-json\/wp\/v2\/types\/post"}],"author":[{"embeddable":true,"href":"https:\/\/terralivha.pt\/pt-pt\/wp-json\/wp\/v2\/users\/1"}],"replies":[{"embeddable":true,"href":"https:\/\/terralivha.pt\/pt-pt\/wp-json\/wp\/v2\/comments?post=2834"}],"version-history":[{"count":1,"href":"https:\/\/terralivha.pt\/pt-pt\/wp-json\/wp\/v2\/posts\/2834\/revisions"}],"predecessor-version":[{"id":2835,"href":"https:\/\/terralivha.pt\/pt-pt\/wp-json\/wp\/v2\/posts\/2834\/revisions\/2835"}],"wp:featuredmedia":[{"embeddable":true,"href":"https:\/\/terralivha.pt\/pt-pt\/wp-json\/wp\/v2\/media\/2830"}],"wp:attachment":[{"href":"https:\/\/terralivha.pt\/pt-pt\/wp-json\/wp\/v2\/media?parent=2834"}],"wp:term":[{"taxonomy":"category","embeddable":true,"href":"https:\/\/terralivha.pt\/pt-pt\/wp-json\/wp\/v2\/categories?post=2834"},{"taxonomy":"post_tag","embeddable":true,"href":"https:\/\/terralivha.pt\/pt-pt\/wp-json\/wp\/v2\/tags?post=2834"}],"curies":[{"name":"wp","href":"https:\/\/api.w.org\/{rel}","templated":true}]}}